{"id":5239,"date":"2021-10-11T20:35:28","date_gmt":"2021-10-11T18:35:28","guid":{"rendered":"https:\/\/www.atpoiano.it\/?p=5239"},"modified":"2023-08-07T10:30:32","modified_gmt":"2023-08-07T08:30:32","slug":"saluto-del-nuovo-presidente","status":"publish","type":"post","link":"https:\/\/new.atpoiano.it\/wordpress\/2021\/10\/11\/saluto-del-nuovo-presidente\/","title":{"rendered":"Saluto del Nuovo Presidente"},"content":{"rendered":"<div><span style=\"color: #ffffff;\">.<\/span><\/div>\n<div>30 settembre 2021 &#8211; Rinnovo delle cariche sociali (2021 &#8211; 2024)<br clear=\"none\" \/><br clear=\"none\" \/><strong>Il saluto del nuovo presidente, Alessio Storari:<\/strong><br clear=\"none\" \/><br clear=\"none\" \/>Care socie, cari soci,<br clear=\"none\" \/><br clear=\"none\" \/>lo scorso 30 settembre si \u00e8 tenuta l\u2019assemblea per il rinnovo delle cariche sociali, la quale ha riconfermato la squadra affiatata che tutti voi ben conoscete, sia pure con alcune eccezioni.<br clear=\"none\" \/><br clear=\"none\" \/>Gli amici Paolo Zamboni e Giampaolo Zumiani fanno un passo non certo indietro ma solo di lato, nel senso che, per nostra fortuna, continueranno a dare una mano con il solito entusiasmo anche al di fuori degli organi sociali; li ringrazio di nuovo, a nome di tutti, per tanti anni di feconda militanza alla guida dell\u2019associazione.<br clear=\"none\" \/><br clear=\"none\" \/>Sul versante degli acquisti, entra in Consiglio Direttivo Michele Pollini, che molto ci sta aiutando professionalmente \u2013 tra l\u2019altro \u2013 per il progetto della Club House; nel Collegio Sindacale si insedia Massimo Antonietti, dottore commercialista che ormai da anni frequenta il circolo con la propria famiglia.<br clear=\"none\" \/><br clear=\"none\" \/>Rimane inalterato il trio che gestisce la segreteria, costituito da Tiziano Bellini, Tiziano Saletti (Segretario Esecutivo) e V. V., nuovo Cassiere; due nostre socie ricoprono ora, rispettivamente, il ruolo di Vicepresidente dell\u2019associazione (Luciana Di Scenza) e di Vicepresidente del Collegio dei Probiviri (Lorena Natali).<br clear=\"none\" \/><br clear=\"none\" \/>A breve il nostro fidato consigliere Maurizio Menegolli aggiorner\u00e0 le infografiche esposte in sede, in modo da comunicare in dettaglio la nuova composizione degli organi sociali, e lo stesso faremo sul nostro sito internet; mi scuseranno gli altri componenti del Consiglio Direttivo, del Collegio Sindacale e del Collegio dei Probiviri se non li cito tutti qui e ora ma li ringrazio e auguro loro buon lavoro (vedi: <em><a href=\"https:\/\/new.atpoiano.it\/wordpress\/club\/consiglio-direttivo\/\">https:\/\/new.atpoiano.it\/wordpress\/club\/consiglio-direttivo\/<\/a><\/em>).<br clear=\"none\" \/><br clear=\"none\" \/>Da parte mia, accolgo con riconoscenza e una certa apprensione il testimone lasciato, dopo tredici memorabili anni di presidenza, da Ivan Russo, amico di una vita, che spera forse cos\u00ec di farsi perdonare il 6\/2 6\/0 che mi ha rifilato nel nostro primo incontro, nel 1992, ai Campionati Provinciali Under 14.<br clear=\"none\" \/><br clear=\"none\" \/>Ivan rimane con noi nel Consiglio Direttivo; come avviene per gli ex presidenti delle istituzioni, vi invito a sentirvi liberi di continuare a chiamarlo Pres, diminutivo coniato apposta per lui e che \u00e8 giusto gli rimanga proprio; quanto a me, da tifoso di Federer, sarei tentato di ambire a Roger, se non fosse che ne abbiamo gi\u00e0 uno \u2013 il nostro Raniero Pernigo, detto appunto Roger, a sua volta fresco di conferma nel Consiglio Direttivo.<br clear=\"none\" \/><br clear=\"none\" \/>Come ho detto durante l\u2019assemblea, il mio obiettivo principale \u00e8 non fare danni: l\u2019associazione \u00e8 in salute e la nostra prima responsabilit\u00e0 \u00e8 mantenerla cos\u00ec come tutti la conosciamo \u2013 sana, vivace, a misura dei propri soci.<br clear=\"none\" \/><br clear=\"none\" \/>Un caro saluto,<br clear=\"none\" \/><br clear=\"none\" \/>Alessio Storari<br clear=\"none\" \/><br clear=\"none\" \/><\/div>\n<div><\/div>\n<div><br clear=\"none\" \/><strong>Da parte dell&#8217;Associazione:<\/strong><br clear=\"none\" \/><br clear=\"none\" \/>Grazie Ivan, grazie Alessio, grazie a tutti i vecchi e nuovi consiglieri, grazie a tutti coloro che quotidianamente contribuiscono a far s\u00ec che il nostro circolo diventi sempre pi\u00f9 un luogo nel quale praticare sano sport ma, soprattutto, un luogo di incontro e di amicizia!<br clear=\"none\" \/><br clear=\"none\" \/>Buon lavoro!<\/div>\n<p>&nbsp;<\/p>\n<div>\n<div class=\"yiv8847595143gmail_signature\" dir=\"ltr\">\n<div dir=\"ltr\">\n<div><\/div>\n<div><b>&#8211;<\/b><\/div>\n<div><b>Associazione Tennis Poiano<\/b><\/div>\n<div>via Consolini, 2 \u2013 37142 Poiano (VR)<\/div>\n<div><em><a href=\"http:\/\/www.atpoiano.it\/\" target=\"_blank\" rel=\"nofollow noopener noreferrer\" shape=\"rect\">www.atpoiano.it<\/a><\/em><\/div>\n<div><a href=\"mailto:atp@atpoiano.it\" target=\"_blank\" rel=\"nofollow noopener noreferrer\" shape=\"rect\"><em>atp@atpoiano.it<\/em><\/a><\/div>\n<\/div>\n<\/div>\n<\/div>\n<div><\/div>\n<div><span style=\"color: #ffffff;\">.<\/span><\/div>\n<div><span style=\"color: #ffffff;\">.<\/span><\/div>\n<div><\/div>\n<div><a href=\"https:\/\/new.atpoiano.it\/wordpress\/club\/consiglio-direttivo\/atp-organigramma-direttivo2021-4-5c\/\" rel=\"attachment wp-att-5224\"><img loading=\"lazy\" decoding=\"async\" class=\"alignnone wp-image-5224\" src=\"https:\/\/new.atpoiano.it\/wordpress\/wp-content\/uploads\/2021\/10\/ATP-Organigramma-Direttivo2021-4-5C-e1633636819506.jpg\" alt=\"\" width=\"590\" height=\"418\" \/><\/a><\/div>\n<div><\/div>\n<div><\/div>\n","protected":false},"excerpt":{"rendered":"<p>. 30 settembre 2021 &#8211; Rinnovo delle cariche sociali (2021 &#8211; 2024)Il saluto del nuovo presidente, Alessio Storari:Care socie, cari<\/p>\n","protected":false},"author":7,"featured_media":5224,"comment_status":"closed","ping_status":"closed","sticky":false,"template":"","format":"standard","meta":{"footnotes":""},"categories":[20,1],"tags":[],"class_list":["post-5239","post","type-post","status-publish","format-standard","has-post-thumbnail","hentry","category-attivita-sociale","category-senza-categoria"],"_links":{"self":[{"href":"https:\/\/new.atpoiano.it\/wordpress\/wp-json\/wp\/v2\/posts\/5239","targetHints":{"allow":["GET"]}}],"collection":[{"href":"https:\/\/new.atpoiano.it\/wordpress\/wp-json\/wp\/v2\/posts"}],"about":[{"href":"https:\/\/new.atpoiano.it\/wordpress\/wp-json\/wp\/v2\/types\/post"}],"author":[{"embeddable":true,"href":"https:\/\/new.atpoiano.it\/wordpress\/wp-json\/wp\/v2\/users\/7"}],"replies":[{"embeddable":true,"href":"https:\/\/new.atpoiano.it\/wordpress\/wp-json\/wp\/v2\/comments?post=5239"}],"version-history":[{"count":4,"href":"https:\/\/new.atpoiano.it\/wordpress\/wp-json\/wp\/v2\/posts\/5239\/revisions"}],"predecessor-version":[{"id":7199,"href":"https:\/\/new.atpoiano.it\/wordpress\/wp-json\/wp\/v2\/posts\/5239\/revisions\/7199"}],"wp:featuredmedia":[{"embeddable":true,"href":"https:\/\/new.atpoiano.it\/wordpress\/wp-json\/wp\/v2\/media\/5224"}],"wp:attachment":[{"href":"https:\/\/new.atpoiano.it\/wordpress\/wp-json\/wp\/v2\/media?parent=5239"}],"wp:term":[{"taxonomy":"category","embeddable":true,"href":"https:\/\/new.atpoiano.it\/wordpress\/wp-json\/wp\/v2\/categories?post=5239"},{"taxonomy":"post_tag","embeddable":true,"href":"https:\/\/new.atpoiano.it\/wordpress\/wp-json\/wp\/v2\/tags?post=5239"}],"curies":[{"name":"wp","href":"https:\/\/api.w.org\/{rel}","templated":true}]}}